{"id":2384,"date":"2018-01-29T14:21:26","date_gmt":"2018-01-29T14:21:26","guid":{"rendered":"http:\/\/fatmoon.kinsta.com\/?p=2384"},"modified":"2025-06-28T05:57:13","modified_gmt":"2025-06-28T05:57:13","slug":"last-day-in-vegas","status":"publish","type":"post","link":"https:\/\/www.zaiagrupo.com.br\/site\/last-day-in-vegas\/","title":{"rendered":"O Mundo P\u00f3s-Pandemia: Li\u00e7\u00f5es com Leandro Karnal"},"content":{"rendered":"<h3 data-start=\"219\" data-end=\"305\">Como a pandemia acelerou mudan\u00e7as e nos desafiou a encontrar coragem com esperan\u00e7a<\/h3>\n<p data-start=\"307\" data-end=\"592\">A pandemia da Covid-19 foi, sem d\u00favida, um divisor de \u00e1guas na hist\u00f3ria contempor\u00e2nea. Ao longo de mais de dois anos, a humanidade enfrentou perdas, incertezas, transforma\u00e7\u00f5es e novos aprendizados. Mas o que realmente mudou em nosso comportamento, trabalho, educa\u00e7\u00e3o e vis\u00e3o de futuro?<\/p>\n<p data-start=\"594\" data-end=\"884\">Em uma entrevista exclusiva para a <em data-start=\"629\" data-end=\"646\">Revista ADM PRO<\/em>, o historiador e professor Leandro Karnal compartilhou reflex\u00f5es poderosas sobre o impacto da pandemia e o que podemos esperar do mundo daqui em diante. Reunimos aqui os principais pontos para provocar reflex\u00e3o e inspirar novas atitudes.<\/p>\n<hr data-start=\"886\" data-end=\"889\" \/>\n<h3 data-start=\"891\" data-end=\"949\">Acelera\u00e7\u00e3o de Processos: da vida virtual ao e-commerce<\/h3>\n<p data-start=\"951\" data-end=\"1266\">Karnal destaca que a pandemia funcionou como um catalisador de mudan\u00e7as que j\u00e1 estavam em curso. O trabalho remoto, o ensino \u00e0 dist\u00e2ncia, as reuni\u00f5es online e o consumo digital tornaram-se n\u00e3o apenas alternativas, mas necessidade. Lojas f\u00edsicas, cinemas e escrit\u00f3rios tiveram de repensar seus espa\u00e7os e finalidades.<\/p>\n<blockquote data-start=\"1268\" data-end=\"1331\">\n<p data-start=\"1270\" data-end=\"1331\">\u201cA pandemia acelerou a virtualiza\u00e7\u00e3o da vida\u201d, afirma Karnal.<\/p>\n<\/blockquote>\n<hr data-start=\"1333\" data-end=\"1336\" \/>\n<h3 data-start=\"1338\" data-end=\"1388\">Crises n\u00e3o melhoram pessoas \u2014 elas transformam<\/h3>\n<p data-start=\"1390\" data-end=\"1617\">Uma das falas mais marcantes de Karnal vai contra o senso comum de que \u201cas pessoas saem melhores das crises\u201d. Segundo ele, a hist\u00f3ria prova o contr\u00e1rio. Crises geram novas exig\u00eancias, criam vencedores e deixam outros obsoletos.<\/p>\n<blockquote data-start=\"1619\" data-end=\"1788\">\n<p data-start=\"1621\" data-end=\"1788\">\u201cSe crises melhorassem as pessoas, ser\u00edamos uma sociedade evoluid\u00edssima\u201d, ironiza.<br data-start=\"1703\" data-end=\"1706\" \/>O verdadeiro diferencial est\u00e1 em <strong data-start=\"1741\" data-end=\"1756\">resili\u00eancia<\/strong> e <strong data-start=\"1759\" data-end=\"1787\">capacidade de reinven\u00e7\u00e3o<\/strong>.<\/p>\n<h3 data-start=\"1795\" data-end=\"1843\">Educa\u00e7\u00e3o e mercado de trabalho: uma nova era<\/h3>\n<p data-start=\"1845\" data-end=\"2045\">Com o ensino remoto for\u00e7ado, ficou evidente que nem escolas, nem estudantes estavam preparados. No mercado, o conceito de <em data-start=\"1967\" data-end=\"1981\">learnability<\/em> \u2014 ou seja, a capacidade cont\u00ednua de aprender \u2014 ganhou destaque.<\/p>\n<blockquote data-start=\"2047\" data-end=\"2128\">\n<p data-start=\"2049\" data-end=\"2128\">\u201cDiplomas est\u00e3o ficando datados. Precisamos de pessoas <em data-start=\"2104\" data-end=\"2117\">em forma\u00e7\u00e3o<\/em>\u201d, refor\u00e7a.<\/p>\n<\/blockquote>\n<p data-start=\"2130\" data-end=\"2220\">Empresas buscam profissionais abertos ao novo, adapt\u00e1veis, com mentalidade de crescimento.<\/p>\n<hr data-start=\"2222\" data-end=\"2225\" \/>\n<h3 data-start=\"2227\" data-end=\"2270\">Administra\u00e7\u00e3o humana em tempos digitais<\/h3>\n<p data-start=\"2272\" data-end=\"2566\">Para os profissionais da Administra\u00e7\u00e3o, o desafio \u00e9 ainda maior: lidar com instabilidades econ\u00f4micas, novas configura\u00e7\u00f5es de trabalho e, principalmente, <strong data-start=\"2425\" data-end=\"2459\">pessoas com feridas emocionais<\/strong> p\u00f3s-pandemia. A intelig\u00eancia emocional e a gest\u00e3o da sa\u00fade mental tornaram-se compet\u00eancias indispens\u00e1veis.<\/p>\n<hr data-start=\"2568\" data-end=\"2571\" \/>\n<h3 data-start=\"2573\" data-end=\"2618\">Esperan\u00e7a com coragem: um dia de cada vez<\/h3>\n<p data-start=\"2620\" data-end=\"2806\">Ao compartilhar sua experi\u00eancia pessoal \u2014 incluindo o diagn\u00f3stico de Covid-19 e a perda do contato presencial com o p\u00fablico \u2014 Karnal enfatiza que o medo deve caminhar ao lado da coragem.<\/p>\n<blockquote data-start=\"2808\" data-end=\"2905\">\n<p data-start=\"2810\" data-end=\"2905\">\u201cTrabalhar com medo \u00e9 coragem. N\u00e3o podemos ser paralisados por ele, nem fingir que n\u00e3o existe.\u201d<\/p>\n<\/blockquote>\n<p data-start=\"2907\" data-end=\"3102\">Seu recado final \u00e9 um convite \u00e0 reconstru\u00e7\u00e3o: com cicatrizes, sim, mas com um novo olhar para a vida e o futuro. Seu livro mais recente, <em data-start=\"3044\" data-end=\"3070\">\u201cA Coragem da Esperan\u00e7a\u201d<\/em>, sintetiza bem esse sentimento.<\/p>\n<hr data-start=\"3104\" data-end=\"3107\" \/>\n<h3 data-start=\"3109\" data-end=\"3144\">Conclus\u00e3o: o que levamos daqui?<\/h3>\n<p data-start=\"3146\" data-end=\"3317\">O mundo n\u00e3o voltar\u00e1 a ser como era \u2014 e isso pode ser uma boa not\u00edcia. Com tantas mudan\u00e7as, somos desafiados a construir um novo normal, mais consciente, flex\u00edvel e humano.<\/p>\n<p data-start=\"3319\" data-end=\"3436\"><strong data-start=\"3319\" data-end=\"3403\">E voc\u00ea? Quais li\u00e7\u00f5es pretende levar adiante na sua vida pessoal ou profissional?<\/strong><br data-start=\"3403\" data-end=\"3406\" \/>Compartilhe nos coment\u00e1rios \ud83d\udc47<\/p>\n<hr data-start=\"3438\" data-end=\"3441\" \/>\n<h3 data-start=\"3443\" data-end=\"3456\">\ud83d\udcda Fonte:<\/h3>\n<p data-start=\"3457\" data-end=\"3619\">Entrevista com Leandro Karnal, publicada na <strong data-start=\"3501\" data-end=\"3520\">Revista ADM PRO<\/strong> \u2013 Conselho Federal de Administra\u00e7\u00e3o.<br data-start=\"3557\" data-end=\"3560\" \/>Acesse em: <a class=\"\" href=\"https:\/\/www.cfa.org.br\" target=\"_new\" rel=\"noopener\" data-start=\"3571\" data-end=\"3619\">https:\/\/www.cfa.org.br<\/a><\/p>\n<\/blockquote>\n","protected":false},"excerpt":{"rendered":"<p>Como a pandemia acelerou mudan\u00e7as e nos desafiou a encontrar&hellip;<\/p>\n<p> <a class=\"more-link\" href=\"https:\/\/www.zaiagrupo.com.br\/site\/last-day-in-vegas\/\">Read more<\/a><\/p>\n","protected":false},"author":1,"featured_media":11825,"comment_status":"open","ping_status":"open","sticky":false,"template":"","format":"standard","meta":{"footnotes":""},"categories":[6,9,7],"tags":[11,12,13,14,15],"class_list":{"0":"post-2384","1":"post","2":"type-post","3":"status-publish","4":"format-standard","5":"has-post-thumbnail","7":"category-lifestyle","8":"category-news","9":"category-others","10":"tag-agency","11":"tag-apollo13","12":"tag-information","13":"tag-popular","14":"tag-wordpress"},"_links":{"self":[{"href":"https:\/\/www.zaiagrupo.com.br\/site\/wp-json\/wp\/v2\/posts\/2384","targetHints":{"allow":["GET"]}}],"collection":[{"href":"https:\/\/www.zaiagrupo.com.br\/site\/wp-json\/wp\/v2\/posts"}],"about":[{"href":"https:\/\/www.zaiagrupo.com.br\/site\/wp-json\/wp\/v2\/types\/post"}],"author":[{"embeddable":true,"href":"https:\/\/www.zaiagrupo.com.br\/site\/wp-json\/wp\/v2\/users\/1"}],"replies":[{"embeddable":true,"href":"https:\/\/www.zaiagrupo.com.br\/site\/wp-json\/wp\/v2\/comments?post=2384"}],"version-history":[{"count":1,"href":"https:\/\/www.zaiagrupo.com.br\/site\/wp-json\/wp\/v2\/posts\/2384\/revisions"}],"predecessor-version":[{"id":11826,"href":"https:\/\/www.zaiagrupo.com.br\/site\/wp-json\/wp\/v2\/posts\/2384\/revisions\/11826"}],"wp:featuredmedia":[{"embeddable":true,"href":"https:\/\/www.zaiagrupo.com.br\/site\/wp-json\/wp\/v2\/media\/11825"}],"wp:attachment":[{"href":"https:\/\/www.zaiagrupo.com.br\/site\/wp-json\/wp\/v2\/media?parent=2384"}],"wp:term":[{"taxonomy":"category","embeddable":true,"href":"https:\/\/www.zaiagrupo.com.br\/site\/wp-json\/wp\/v2\/categories?post=2384"},{"taxonomy":"post_tag","embeddable":true,"href":"https:\/\/www.zaiagrupo.com.br\/site\/wp-json\/wp\/v2\/tags?post=2384"}],"curies":[{"name":"wp","href":"https:\/\/api.w.org\/{rel}","templated":true}]}}